{"id":10585,"date":"2022-04-27T02:36:51","date_gmt":"2022-04-27T02:36:51","guid":{"rendered":"https:\/\/tidskriftenpilgrim.se\/fastebloggen\/?p=10585"},"modified":"2022-04-27T02:37:49","modified_gmt":"2022-04-27T02:37:49","slug":"exilens-profet","status":"publish","type":"post","link":"https:\/\/tidskriftenpilgrim.se\/fastebloggen\/2022\/04\/exilens-profet\/","title":{"rendered":"Exilens profet"},"content":{"rendered":"<p>I Jesajabokens senare del m\u00f6ter vi p\u00e5sktidens profet, som just nu talar till oss dagligen. Han \u00e4r\u00a0en av den hebreiska traditionens mest eleganta profeter. Och en av de mest trosvissa. Med r\u00e4tta har han kallats Gamla testamentets evangelist. \u201dVar inte r\u00e4dd, jag har frik\u00f6pt dig, jag har gett dig ditt namn, du \u00e4r min.\u201d (43:1)<\/p>\n\n\n\n<p>Profetens ord traderas och memoreras i den judiska kolonin i Babylon d\u00e4r hans r\u00f6st f\u00f6rmedlar mod och sj\u00e4lvf\u00f6rtroende i exilen. Han st\u00e4rker motst\u00e5ndskraften och sk\u00e4nker dem som vill lyssna en ny v\u00e4rdighet och tillit.&nbsp;<\/p>\n\n\n\n<p>Profeten talar till de f\u00f6rsamlade om det som inte \u00e4r, som om det redan vore verklighet. Han f\u00f6rs\u00e4krar dem att ingen ska ta deras namn \u2013 identiteten i Gud \u2013 ifr\u00e5n dem. Och Herren lovar att han ska g\u00e5 genom eld och vatten med dem som tillh\u00f6r honom:<\/p>\n\n\n\n<blockquote class=\"wp-block-quote is-layout-flow wp-block-quote-is-layout-flow\"><p>N\u00e4r du g\u00e5r genom vatten \u00e4r jag med dig,<br>vattenmassorna skall inte dr\u00e4nka dig.<br>N\u00e4r du g\u00e5r genom eld skall du inte bli svedd,<br>l\u00e5gorna skall inte br\u00e4nna dig. (43:2)<\/p><\/blockquote>\n\n\n\n<p>Hur v\u00e5gade man tro n\u00e5got s\u00e5 ofattbart? Det fanns bara en grund f\u00f6r ord som dessa: Guds n\u00e4rvaro, hans trofasthet och beslutsamhet att fr\u00e4lsa sitt folk. S\u00e5som Herren en g\u00e5ng ingrep mot Egyptens farao i f\u00f6rtrycket av Israel, s\u00e5 ska han ingripa mot Babylons despoter.&nbsp;<\/p>\n\n\n\n<p><\/p>\n\n<!--themify_builder_content-->\n<div id=\"themify_builder_content-10585\" data-postid=\"10585\" class=\"themify_builder_content themify_builder_content-10585 themify_builder tf_clear\">\n    <\/div>\n<!--\/themify_builder_content-->\n\n\n<p><\/p>","protected":false},"excerpt":{"rendered":"<p>I Jesajabokens senare del m\u00f6ter vi p\u00e5sktidens profet, som just nu talar till oss dagligen. Han \u00e4r\u00a0en av den hebreiska traditionens mest eleganta profeter. Och en av de mest trosvissa. Med r\u00e4tta har han kallats Gamla testamentets evangelist. \u201dVar inte r\u00e4dd, jag har frik\u00f6pt dig, jag har gett dig ditt namn, du \u00e4r min.\u201d (43:1) [&hellip;]<\/p>\n","protected":false},"author":4,"featured_media":0,"comment_status":"open","ping_status":"open","sticky":false,"template":"","format":"standard","meta":{"footnotes":""},"categories":[4],"tags":[],"class_list":["post-10585","post","type-post","status-publish","format-standard","hentry","category-fastebloggen","has-post-title","has-post-date","has-post-category","has-post-tag","has-post-comment","has-post-author",""],"builder_content":"","_links":{"self":[{"href":"https:\/\/tidskriftenpilgrim.se\/fastebloggen\/wp-json\/wp\/v2\/posts\/10585","targetHints":{"allow":["GET"]}}],"collection":[{"href":"https:\/\/tidskriftenpilgrim.se\/fastebloggen\/wp-json\/wp\/v2\/posts"}],"about":[{"href":"https:\/\/tidskriftenpilgrim.se\/fastebloggen\/wp-json\/wp\/v2\/types\/post"}],"author":[{"embeddable":true,"href":"https:\/\/tidskriftenpilgrim.se\/fastebloggen\/wp-json\/wp\/v2\/users\/4"}],"replies":[{"embeddable":true,"href":"https:\/\/tidskriftenpilgrim.se\/fastebloggen\/wp-json\/wp\/v2\/comments?post=10585"}],"version-history":[{"count":4,"href":"https:\/\/tidskriftenpilgrim.se\/fastebloggen\/wp-json\/wp\/v2\/posts\/10585\/revisions"}],"predecessor-version":[{"id":10589,"href":"https:\/\/tidskriftenpilgrim.se\/fastebloggen\/wp-json\/wp\/v2\/posts\/10585\/revisions\/10589"}],"wp:attachment":[{"href":"https:\/\/tidskriftenpilgrim.se\/fastebloggen\/wp-json\/wp\/v2\/media?parent=10585"}],"wp:term":[{"taxonomy":"category","embeddable":true,"href":"https:\/\/tidskriftenpilgrim.se\/fastebloggen\/wp-json\/wp\/v2\/categories?post=10585"},{"taxonomy":"post_tag","embeddable":true,"href":"https:\/\/tidskriftenpilgrim.se\/fastebloggen\/wp-json\/wp\/v2\/tags?post=10585"}],"curies":[{"name":"wp","href":"https:\/\/api.w.org\/{rel}","templated":true}]}}