{"id":10578,"date":"2022-04-16T01:26:00","date_gmt":"2022-04-16T01:26:00","guid":{"rendered":"https:\/\/tidskriftenpilgrim.se\/fastebloggen\/?p=10578"},"modified":"2022-04-15T18:31:50","modified_gmt":"2022-04-15T18:31:50","slug":"10578","status":"publish","type":"post","link":"https:\/\/tidskriftenpilgrim.se\/fastebloggen\/2022\/04\/10578\/","title":{"rendered":"Dragningskampen"},"content":{"rendered":"<p><br><\/p>\n\n\n\n<blockquote class=\"wp-block-quote is-layout-flow wp-block-quote-is-layout-flow\"><p><em>Nu faller domen \u00f6ver denna v\u00e4rlden, nu skall denna v\u00e4rldens h\u00e4rskare f\u00f6rdrivas. Och n\u00e4r jag blir upph\u00f6jd fr\u00e5n jorden skall jag dra alla till<\/em> mig. (Joh 31:32)<\/p><\/blockquote>\n\n\n\n<p>Fastans drama \u2013 i dag \u00e4r dess sista dag \u2013 \u00e4r en dragningskamp. Bakom oss ligger fyrtio dagar n\u00e4r det blivit uppenbart att vi lever i sp\u00e4nningsf\u00e4ltet mellan den lidande k\u00e4rlekens Herre och denna v\u00e4rldens h\u00e4rskare. Vi dras alla i b\u00e4gge riktningarna. Vi k\u00e4nner av tvetydigheten i v\u00e5ra egna liv. Vi vill bry oss, visa omsorg, vara gener\u00f6sa. Men vi vill ocks\u00e5 v\u00e4rna v\u00e5rt eget, f\u00f6rsvara oss, ha det p\u00e5 v\u00e5rt eget s\u00e4tt. Fastetiden intensifierar dragningskampen. Jesus vill dra oss till sig f\u00f6r att leva i hans nya v\u00e4rld. Dra oss in i ett l\u00e4kande liv av generositet, f\u00f6rl\u00e5telse och g\u00e4stfrihet. Bort fr\u00e5n en toxisk tillvaro av girighet, fruktan, \u00e4ngslan och brutalitet.<\/p>\n\n\n\n<p>Processen p\u00e5g\u00e5r f\u00f6r fullt hos oss alla. Vi dras \u00e5t b\u00e5da h\u00e5llen. Nu ska det avg\u00f6ras vem som f\u00e5r \u00f6vertaget. Nu \u00e4r denna v\u00e4rldens furste d\u00f6md. Nu har den sj\u00e4lvutgivande k\u00e4rleken f\u00f6rkroppsligats i honom som sa: \u201dOm vetekornet inte faller i jorden och d\u00f6r blir det ett ensamt korn. Men om det d\u00f6r ger det rik sk\u00f6rd.\u201d<\/p>\n\n\n\n<p>P\u00e5sken \u00e4r denna rika sk\u00f6rd och nya gl\u00e4dje, denna oj\u00e4mf\u00f6rliga frihet och l\u00e4ttnad. Men p\u00e5sken n\u00e5r vi bara via den fredag som drar oss bort fr\u00e5n oss sj\u00e4lva, in i den k\u00e4rlek som inte \u00e4r utmanande, inte sj\u00e4lvisk, som inte brusar upp och inte vill n\u00e5gon n\u00e5got ont. Den fredag vi i g\u00e5r firade \u00e4r en magnet som i dag vill dra oss alla till sig, s\u00e5 att vi i morgon f\u00e5r gl\u00e4djas \u00f6ver en ny v\u00e4rld, str\u00e5lande i p\u00e5skens gl\u00e4dje.<br><\/p>\n\n<!--themify_builder_content-->\n<div id=\"themify_builder_content-10578\" data-postid=\"10578\" class=\"themify_builder_content themify_builder_content-10578 themify_builder tf_clear\">\n    <\/div>\n<!--\/themify_builder_content-->\n\n\n<p><\/p>","protected":false},"excerpt":{"rendered":"<p>Nu faller domen \u00f6ver denna v\u00e4rlden, nu skall denna v\u00e4rldens h\u00e4rskare f\u00f6rdrivas. Och n\u00e4r jag blir upph\u00f6jd fr\u00e5n jorden skall jag dra alla till mig. (Joh 31:32) Fastans drama \u2013 i dag \u00e4r dess sista dag \u2013 \u00e4r en dragningskamp. Bakom oss ligger fyrtio dagar n\u00e4r det blivit uppenbart att vi lever i sp\u00e4nningsf\u00e4ltet mellan [&hellip;]<\/p>\n","protected":false},"author":4,"featured_media":0,"comment_status":"open","ping_status":"open","sticky":false,"template":"","format":"standard","meta":{"footnotes":""},"categories":[4],"tags":[],"class_list":["post-10578","post","type-post","status-publish","format-standard","hentry","category-fastebloggen","has-post-title","has-post-date","has-post-category","has-post-tag","has-post-comment","has-post-author",""],"builder_content":"","_links":{"self":[{"href":"https:\/\/tidskriftenpilgrim.se\/fastebloggen\/wp-json\/wp\/v2\/posts\/10578","targetHints":{"allow":["GET"]}}],"collection":[{"href":"https:\/\/tidskriftenpilgrim.se\/fastebloggen\/wp-json\/wp\/v2\/posts"}],"about":[{"href":"https:\/\/tidskriftenpilgrim.se\/fastebloggen\/wp-json\/wp\/v2\/types\/post"}],"author":[{"embeddable":true,"href":"https:\/\/tidskriftenpilgrim.se\/fastebloggen\/wp-json\/wp\/v2\/users\/4"}],"replies":[{"embeddable":true,"href":"https:\/\/tidskriftenpilgrim.se\/fastebloggen\/wp-json\/wp\/v2\/comments?post=10578"}],"version-history":[{"count":3,"href":"https:\/\/tidskriftenpilgrim.se\/fastebloggen\/wp-json\/wp\/v2\/posts\/10578\/revisions"}],"predecessor-version":[{"id":10581,"href":"https:\/\/tidskriftenpilgrim.se\/fastebloggen\/wp-json\/wp\/v2\/posts\/10578\/revisions\/10581"}],"wp:attachment":[{"href":"https:\/\/tidskriftenpilgrim.se\/fastebloggen\/wp-json\/wp\/v2\/media?parent=10578"}],"wp:term":[{"taxonomy":"category","embeddable":true,"href":"https:\/\/tidskriftenpilgrim.se\/fastebloggen\/wp-json\/wp\/v2\/categories?post=10578"},{"taxonomy":"post_tag","embeddable":true,"href":"https:\/\/tidskriftenpilgrim.se\/fastebloggen\/wp-json\/wp\/v2\/tags?post=10578"}],"curies":[{"name":"wp","href":"https:\/\/api.w.org\/{rel}","templated":true}]}}