{"id":10547,"date":"2022-04-14T02:19:38","date_gmt":"2022-04-14T02:19:38","guid":{"rendered":"https:\/\/tidskriftenpilgrim.se\/fastebloggen\/?p=10547"},"modified":"2022-04-14T02:28:43","modified_gmt":"2022-04-14T02:28:43","slug":"10547","status":"publish","type":"post","link":"https:\/\/tidskriftenpilgrim.se\/fastebloggen\/2022\/04\/10547\/","title":{"rendered":"Kalkens f\u00f6delsedag"},"content":{"rendered":"<p>I kv\u00e4ll, p\u00e5 kalkens f\u00f6delsedag, tar vi emot det br\u00f6d och vin om vilket Efraim Syriern skriver:<\/p>\n\n\n\n<blockquote class=\"wp-block-quote is-layout-flow wp-block-quote-is-layout-flow\"><p>Det \u00e4r ett fullhetens br\u00f6d som den helige Ande har kn\u00e5dat och bakat, ett vin blandat med eld och Ande. Guds egen kropp och blod som \u00e4r utgivet f\u00f6r alla m\u00e4nniskor.<\/p><\/blockquote>\n\n\n\n<p>N\u00e4r br\u00f6det till eukaristin bakas enligt koptisk tradition vandrar kyrkan med psaltarpsalmerna genom hela fr\u00e4lsningshistorien, fr\u00e5n skapelse till p\u00e5sk. Psaltaren, en andlig och existentiell thriller d\u00e4r hela dramat utspelar sig, och Kristus \u00e4r intrigens A och O. Han \u00e4r dess b\u00f6rjan och dess slut.<\/p>\n\n\n\n<p>N\u00e4r degen kn\u00e5das och formas b\u00f6rjar Gud p\u00e5 nytt med sin v\u00e4rld, med var och en av oss, f\u00f6r att allt ska bli \u201ds\u00e5 som han ville ha det\u201d (Jer 18:4).<\/p>\n\n\n\n<div class=\"wp-block-image\"><figure class=\"alignright size-large\"><img loading=\"lazy\" decoding=\"async\" width=\"225\" height=\"225\" src=\"https:\/\/tidskriftenpilgrim.se\/fastebloggen\/wp-content\/uploads\/sites\/4\/2022\/04\/Unknown-2.jpeg\" alt=\"\" class=\"wp-image-10555\" srcset=\"https:\/\/tidskriftenpilgrim.se\/fastebloggen\/wp-content\/uploads\/sites\/4\/2022\/04\/Unknown-2.jpeg 225w, https:\/\/tidskriftenpilgrim.se\/fastebloggen\/wp-content\/uploads\/sites\/4\/2022\/04\/Unknown-2-150x150.jpeg 150w\" sizes=\"auto, (max-width: 225px) 100vw, 225px\" \/><\/figure><\/div>\n\n\n\n<p>N\u00e4r br\u00f6den st\u00e4mplas framtr\u00e4der ikonen, \u201dden osynlige Gudens avbild\u201d, och i den varje m\u00e4nniskas djupaste hemlighet.<\/p>\n\n\n\n<p>N\u00e4r br\u00f6den s\u00e5rm\u00e4rks&nbsp;tillber vi den korsf\u00e4ste och ber om n\u00e5d att f\u00e5 d\u00f6 fr\u00e5n allt som \u00e4r d\u00f6d i v\u00e5ra liv, det som g\u00f6r att vi s\u00e5rar varandra och Guds skapelse.<br><br>N\u00e4r br\u00f6den gr\u00e4ddas f\u00f6rt\u00e4rs j\u00e4sten \u2013 bilden av v\u00e5r synd \u2013 och l\u00f6ftet ges oss att f\u00e5 dela hans uppst\u00e5ndelse.<\/p>\n\n<!--themify_builder_content-->\n<div id=\"themify_builder_content-10547\" data-postid=\"10547\" class=\"themify_builder_content themify_builder_content-10547 themify_builder tf_clear\">\n    <\/div>\n<!--\/themify_builder_content-->\n\n\n<p><\/p>","protected":false},"excerpt":{"rendered":"<p>I kv\u00e4ll, p\u00e5 kalkens f\u00f6delsedag, tar vi emot det br\u00f6d och vin om vilket Efraim Syriern skriver: Det \u00e4r ett fullhetens br\u00f6d som den helige Ande har kn\u00e5dat och bakat, ett vin blandat med eld och Ande. Guds egen kropp och blod som \u00e4r utgivet f\u00f6r alla m\u00e4nniskor. N\u00e4r br\u00f6det till eukaristin bakas enligt koptisk [&hellip;]<\/p>\n","protected":false},"author":4,"featured_media":0,"comment_status":"open","ping_status":"open","sticky":false,"template":"","format":"standard","meta":{"footnotes":""},"categories":[4],"tags":[],"class_list":["post-10547","post","type-post","status-publish","format-standard","hentry","category-fastebloggen","has-post-title","has-post-date","has-post-category","has-post-tag","has-post-comment","has-post-author",""],"builder_content":"","_links":{"self":[{"href":"https:\/\/tidskriftenpilgrim.se\/fastebloggen\/wp-json\/wp\/v2\/posts\/10547","targetHints":{"allow":["GET"]}}],"collection":[{"href":"https:\/\/tidskriftenpilgrim.se\/fastebloggen\/wp-json\/wp\/v2\/posts"}],"about":[{"href":"https:\/\/tidskriftenpilgrim.se\/fastebloggen\/wp-json\/wp\/v2\/types\/post"}],"author":[{"embeddable":true,"href":"https:\/\/tidskriftenpilgrim.se\/fastebloggen\/wp-json\/wp\/v2\/users\/4"}],"replies":[{"embeddable":true,"href":"https:\/\/tidskriftenpilgrim.se\/fastebloggen\/wp-json\/wp\/v2\/comments?post=10547"}],"version-history":[{"count":11,"href":"https:\/\/tidskriftenpilgrim.se\/fastebloggen\/wp-json\/wp\/v2\/posts\/10547\/revisions"}],"predecessor-version":[{"id":10561,"href":"https:\/\/tidskriftenpilgrim.se\/fastebloggen\/wp-json\/wp\/v2\/posts\/10547\/revisions\/10561"}],"wp:attachment":[{"href":"https:\/\/tidskriftenpilgrim.se\/fastebloggen\/wp-json\/wp\/v2\/media?parent=10547"}],"wp:term":[{"taxonomy":"category","embeddable":true,"href":"https:\/\/tidskriftenpilgrim.se\/fastebloggen\/wp-json\/wp\/v2\/categories?post=10547"},{"taxonomy":"post_tag","embeddable":true,"href":"https:\/\/tidskriftenpilgrim.se\/fastebloggen\/wp-json\/wp\/v2\/tags?post=10547"}],"curies":[{"name":"wp","href":"https:\/\/api.w.org\/{rel}","templated":true}]}}