{"id":10499,"date":"2022-04-11T01:21:00","date_gmt":"2022-04-11T01:21:00","guid":{"rendered":"https:\/\/tidskriftenpilgrim.se\/fastebloggen\/?p=10499"},"modified":"2022-04-10T17:47:21","modified_gmt":"2022-04-10T17:47:21","slug":"ett-sorgens-oratorium-2","status":"publish","type":"post","link":"https:\/\/tidskriftenpilgrim.se\/fastebloggen\/2022\/04\/ett-sorgens-oratorium-2\/","title":{"rendered":"Ett sorgens oratorium"},"content":{"rendered":"<p><\/p>\n\n\n\n<p>Nu \u00e4r tid f\u00f6r Klagovisorna. Varje dag under Stilla veckan lyssnar kyrkan av tradition till de r\u00f6ster som i denna bibelbok bildar ett \u201dsorgens oratorium\u201d. I Ekumeniska Kommuniteten reciteras ett avsnitt ur Klagovisorna i den andra av dagens tideb\u00f6ner,&nbsp;<em>B\u00f6n under dagen<\/em>, hela denna vecka.<\/p>\n\n\n\n<p>\u00d6gonvittnen vandrar runt i det vandaliserade Jerusalem och rapporterar om mardr\u00f6mslika scener och en stank av d\u00f6d i den stad som en g\u00e5ng v\u00e4ckte turisters och pilgrimers avund. R\u00f6sterna griper in i och mots\u00e4ger varandra i sina ber\u00e4ttelser om de olyckor de \u00f6verlevt och de f\u00f6rluster de drabbats av. Ett klangl\u00f6st \u201dvarf\u00f6r\u201d stiger som en v\u00e5lnad ur graven.<\/p>\n\n\n\n<div class=\"wp-block-image\"><figure class=\"alignright size-large\"><img loading=\"lazy\" decoding=\"async\" width=\"311\" height=\"162\" src=\"https:\/\/tidskriftenpilgrim.se\/fastebloggen\/wp-content\/uploads\/sites\/4\/2022\/04\/Unknown-1.jpeg\" alt=\"\" class=\"wp-image-10510\" srcset=\"https:\/\/tidskriftenpilgrim.se\/fastebloggen\/wp-content\/uploads\/sites\/4\/2022\/04\/Unknown-1.jpeg 311w, https:\/\/tidskriftenpilgrim.se\/fastebloggen\/wp-content\/uploads\/sites\/4\/2022\/04\/Unknown-1-300x156.jpeg 300w\" sizes=\"auto, (max-width: 311px) 100vw, 311px\" \/><\/figure><\/div>\n\n\n\n<p>Men en r\u00f6st saknas i dessa lamentationer. Vi h\u00f6r aldrig Gud yttra ett enda ord i Klagovisorna. Och h\u00e4r framst\u00e5r Guds tystnad som \u201dinspirerad\u201d: just genom att bibeltexten inte \u201dtvingar\u201d Gud att tala, ges de r\u00f6ster som vittnar m\u00f6jlighet att fritt och med full kraft artikulera sin f\u00f6rtvivlan och desperation. Gud avbryter inte, f\u00f6rs\u00f6ker inte l\u00e4gga till r\u00e4tta, allra minst f\u00f6rsvarar han sig inf\u00f6r v\u00e5ra utbrott av hoppl\u00f6shet och indignation. H\u00e4r dyker heller ingen upp som f\u00f6rs\u00f6ker f\u00f6ra Guds talan, som i Jobs bok. Himlen \u00e4r en\u00a0<em>tabula rasa<\/em>. Gud f\u00f6rblir m\u00e5ll\u00f6s. Lika tyst som n\u00e4r den korsf\u00e4ste M\u00e4nniskosonen f\u00f6rg\u00e4ves ropar efter ett svar: <em>Min Gud, min Gud, varf\u00f6r har du \u00f6vergivit mig?<\/em><\/p>\n\n\n\n<p>Det finns dagar n\u00e4r s\u00e5 mycket som ett enda ord av Gud \u00e4r ett f\u00f6r mycket.<\/p>\n\n<!--themify_builder_content-->\n<div id=\"themify_builder_content-10499\" data-postid=\"10499\" class=\"themify_builder_content themify_builder_content-10499 themify_builder tf_clear\">\n    <\/div>\n<!--\/themify_builder_content-->","protected":false},"excerpt":{"rendered":"<p>Nu \u00e4r tid f\u00f6r Klagovisorna. Varje dag under Stilla veckan lyssnar kyrkan av tradition till de r\u00f6ster som i denna bibelbok bildar ett \u201dsorgens oratorium\u201d. I Ekumeniska Kommuniteten reciteras ett avsnitt ur Klagovisorna i den andra av dagens tideb\u00f6ner,&nbsp;B\u00f6n under dagen, hela denna vecka. \u00d6gonvittnen vandrar runt i det vandaliserade Jerusalem och rapporterar om mardr\u00f6mslika [&hellip;]<\/p>\n","protected":false},"author":4,"featured_media":0,"comment_status":"open","ping_status":"open","sticky":false,"template":"","format":"standard","meta":{"footnotes":""},"categories":[4],"tags":[],"class_list":["post-10499","post","type-post","status-publish","format-standard","hentry","category-fastebloggen","has-post-title","has-post-date","has-post-category","has-post-tag","has-post-comment","has-post-author",""],"builder_content":"","_links":{"self":[{"href":"https:\/\/tidskriftenpilgrim.se\/fastebloggen\/wp-json\/wp\/v2\/posts\/10499","targetHints":{"allow":["GET"]}}],"collection":[{"href":"https:\/\/tidskriftenpilgrim.se\/fastebloggen\/wp-json\/wp\/v2\/posts"}],"about":[{"href":"https:\/\/tidskriftenpilgrim.se\/fastebloggen\/wp-json\/wp\/v2\/types\/post"}],"author":[{"embeddable":true,"href":"https:\/\/tidskriftenpilgrim.se\/fastebloggen\/wp-json\/wp\/v2\/users\/4"}],"replies":[{"embeddable":true,"href":"https:\/\/tidskriftenpilgrim.se\/fastebloggen\/wp-json\/wp\/v2\/comments?post=10499"}],"version-history":[{"count":12,"href":"https:\/\/tidskriftenpilgrim.se\/fastebloggen\/wp-json\/wp\/v2\/posts\/10499\/revisions"}],"predecessor-version":[{"id":10514,"href":"https:\/\/tidskriftenpilgrim.se\/fastebloggen\/wp-json\/wp\/v2\/posts\/10499\/revisions\/10514"}],"wp:attachment":[{"href":"https:\/\/tidskriftenpilgrim.se\/fastebloggen\/wp-json\/wp\/v2\/media?parent=10499"}],"wp:term":[{"taxonomy":"category","embeddable":true,"href":"https:\/\/tidskriftenpilgrim.se\/fastebloggen\/wp-json\/wp\/v2\/categories?post=10499"},{"taxonomy":"post_tag","embeddable":true,"href":"https:\/\/tidskriftenpilgrim.se\/fastebloggen\/wp-json\/wp\/v2\/tags?post=10499"}],"curies":[{"name":"wp","href":"https:\/\/api.w.org\/{rel}","templated":true}]}}